{"id":2800,"date":"2018-07-13T13:57:32","date_gmt":"2018-07-13T10:57:32","guid":{"rendered":"http:\/\/www.fatihvinc.com.tr\/?p=2800"},"modified":"2019-02-27T16:54:10","modified_gmt":"2019-02-27T13:54:10","slug":"makasli-lift-izmir","status":"publish","type":"post","link":"https:\/\/www.fatihvinc.com.tr\/en\/makasli-lift-izmir\/","title":{"rendered":"Makasl\u0131 Lift \u0130zmir"},"content":{"rendered":"<p>Giderek b\u00fcy\u00fcmekte olan platform sekt\u00f6r\u00fcnde parlayan y\u0131ld\u0131z olarak g\u00f6sterilmekte olan Fatih Vin\u00e7, Manlift ve platform kiralamalar\u0131 i\u00e7in art\u0131k \u0130zmir i\u00e7in hizmet vermeye ba\u015flad\u0131. \u00d6zellikle geni\u015f platform park\u0131 ile dikkat \u00e7eken Fatih Vin\u00e7 \u00fcr\u00fcnleri aras\u0131nda makasl\u0131 lift modelleri dikkat \u00e7ekiyor ve 40 \u00fczerindeki modeli ile \u0130zmir ve il\u00e7elerinin Platform kiralama taleplerine yeti\u015fmek konusunda s\u0131k\u0131nt\u0131 ya\u015famayacak gibi g\u00f6r\u00fcn\u00fcyor. \u0130\u00e7 yada d\u0131\u015f mekanlarda y\u00fck ta\u015f\u0131ma yada personel \u00e7al\u0131\u015fmalar\u0131 i\u00e7in Makasl\u0131 Lift kiralama i\u015finizde Fatih Vin\u00e7 ile g\u00f6r\u00fc\u015fmeden karar vermemelisiniz.<\/p>\n<h2>Makasl\u0131 Lift \u0130zmir ve \u00c7evre B\u00f6lgelerinde Kiralama Hizmetleri<\/h2>\n<p>Makasl\u0131 lift kiralama talebini; a\u011f\u0131r y\u00fckleri kald\u0131rmak, \u00e7al\u0131\u015fma alan\u0131n\u0131n y\u00fcksekte olmas\u0131ndan dolay\u0131 s\u0131k\u0131nt\u0131 ya\u015fayanlar, d\u0131\u015f cephelerde temizlik yada bak\u0131m \u00e7al\u0131\u015fmas\u0131 yapacaklar, afi\u015f yada s\u00fcsleme \u00e7al\u0131\u015fmas\u0131n\u0131 y\u00fcksek bir yere yapmak isteyenler yap\u0131yor. makasl\u0131 lift izmir ve \u00e7evre b\u00f6lgelerinde kiralama i\u015flerinde Fatih Vin\u00e7 t\u00fcm bu taleplere yeti\u015fmeyi ama\u00e7l\u0131yor ve T\u00fcrkiye \u00e7ap\u0131nda yapt\u0131\u011f\u0131 \u00e7al\u0131\u015fmalar ile de bunu ba\u015faracak gibi g\u00f6r\u00fcn\u00fcyor. \u00d6zellikle depo gibi alanlarda y\u00fckse\u011fe kald\u0131r\u0131lmas\u0131 gerekli olan koliler makasl\u0131 lift ile \u00e7ok k\u0131sa zaman i\u00e7erisinde ve g\u00fcvenle yerlerine yerle\u015ftirilebiliyor. D\u0131\u015f cephesi temizlenmesi gereken binalarda temizlik i\u015fleri \u00e7ok daha kolay hale gelebiliyor.<\/p>\n<p>Kiral\u0131k makasl\u0131 lift modelleri ile \u00f6zellikle dar mekanlara platform ve manlift yerle\u015ftirilerek \u00e7al\u0131\u015f\u0131lmas\u0131 \u00e7ok kolayla\u015f\u0131yor. \u0130zmir ve il\u00e7elerinde art\u0131k bu ihtiya\u00e7lar i\u00e7in 7\/24 prensibi ile m\u00fc\u015fterilerine hizmet verme prensibi ile yola \u00e7\u0131kan Fatih Vin\u00e7 kiralam hizmetleri veriyor. D\u00f6nemsel gereksinimlerde maliyeti d\u00fc\u015f\u00fcrmek amac\u0131 ile platform kiralama yap\u0131labilece\u011fi gibi 2. el platform alternatifleri sizlere Fatih Vin\u00e7 internet sitesi \u00fczerinden sunuluyor. Dilerseniz sizlerde uygun fiyat se\u00e7enekleri ile makina park\u0131n\u0131za kal\u0131c\u0131 olarak makasl\u0131 lift modellerinden birini rahat\u00e7a g\u00fcvenli bir al\u0131\u015fveri\u015f ger\u00e7ekle\u015ftirerek katabilirsiniz. Kiral\u0131k makasl\u0131 lift se\u00e7imi yaparken uzmanlar taraf\u0131ndan bilgilenerek kiralama yapmak isteyen \u0130zmir firmalar\u0131, bunun yan\u0131nda profesyonel personel deste\u011fini de Fatih Vin\u00e7 taraf\u0131ndan alabileceklerini bilmeliler.<\/p>\n<h3>Makasl\u0131 Lift \u0130zmir Kiralama ve Teknik Servis Hizmetleri \u0130leti\u015fim Bilgileri<\/h3>\n<p>Makasl\u0131 Lift \u0130zmir ve \u00e7evre b\u00f6lgelerinde i\u015finizde dilerseniz manlift ve platform, ister ak\u00fcl\u00fc ister dizel motorlu se\u00e7eneklerden aras\u0131ndan uzman deste\u011fini ald\u0131ktan sonra yapabilirsiniz. Fatih Vin\u00e7 ile olduk\u00e7a kolayla\u015fan Platform kiralama ile \u0130zmir firmalar\u0131 y\u00fck ta\u015f\u0131mak, bo\u015faltmak, ara\u00e7lara y\u00fcklemek, yerle\u015ftirmek, bina d\u0131\u015f\u0131 temizli\u011fi yapmak konusunda art\u0131k hi\u00e7 zorlanmayacaklard\u0131r.<\/p>\n<p>Fatih Vin\u00e7 A.\u015e. olarak T\u00fcrkiye&#8217;nin t\u00fcm b\u00f6lgelerinde Platform, Forklift, Vin\u00e7 \u00dcr\u00fcnlerini konusunda Kiralama, Teknik Servis ve Sat\u0131\u015f hizmetleri verirken Manlift ve Di\u011fer \u00fcr\u00fcnlerimiz hakk\u0131nda daha fazla bilgi i\u00e7in <a href=\"http:\/\/www.fatihvinc.com.tr\/urunlerimiz\">\u00fcr\u00fcnlerimiz<\/a> sayfas\u0131n\u0131 ziyaret edebilirsiniz.<\/p>\n<p><a href=\"http:\/\/www.fatihvinc.com.tr\/subelerimiz\"><span style=\"color: #ff6600;\"><strong>Fatih Vin\u00e7 Anonim \u015eirketi \u0130zmir \u015eubesi \u0130leti\u015fim Bilgileri<\/strong><\/span><\/a><\/p>\n<p><strong>ADRES :<\/strong><\/p>\n<address>Egemenlik Mah. 6016\/4 Sok. No:24 \u0131\u015f\u0131kkent<br \/>\n<em>Bornova \/ \u0130ZM\u0130R<\/em><\/address>\n<p><strong>TEL \u00a0:<\/strong> <a href=\"tel:+902328871104\">+90 (232)\u00a0 887 11 04<\/a><br \/>\n<strong>FAKS: <\/strong>+90 (232) 436 36 09<br \/>\n<strong>GSM :<\/strong> <a href=\"tel:+905465187511\">+90 (546) 518 75 11<\/a><\/p>\n","protected":false},"excerpt":{"rendered":"<p>Giderek b\u00fcy\u00fcmekte olan platform sekt\u00f6r\u00fcnde parlayan y\u0131ld\u0131z olarak g\u00f6sterilmekte olan Fatih Vin\u00e7, Manlift ve platform kiralamalar\u0131 i\u00e7in art\u0131k \u0130zmir i\u00e7in hizmet &#8230;<\/p>\n","protected":false},"author":4,"featured_media":2802,"comment_status":"open","ping_status":"open","sticky":false,"template":"","format":"standard","meta":{"footnotes":""},"categories":[474],"tags":[596,594,595],"class_list":["post-2800","post","type-post","status-publish","format-standard","has-post-thumbnail","hentry","category-platform","tag-kiralik-makasli-lift-izmir","tag-makasli-lift-izmir","tag-makasli-lift-kiralama-izmir"],"_links":{"self":[{"href":"https:\/\/www.fatihvinc.com.tr\/en\/wp-json\/wp\/v2\/posts\/2800","targetHints":{"allow":["GET"]}}],"collection":[{"href":"https:\/\/www.fatihvinc.com.tr\/en\/wp-json\/wp\/v2\/posts"}],"about":[{"href":"https:\/\/www.fatihvinc.com.tr\/en\/wp-json\/wp\/v2\/types\/post"}],"author":[{"embeddable":true,"href":"https:\/\/www.fatihvinc.com.tr\/en\/wp-json\/wp\/v2\/users\/4"}],"replies":[{"embeddable":true,"href":"https:\/\/www.fatihvinc.com.tr\/en\/wp-json\/wp\/v2\/comments?post=2800"}],"version-history":[{"count":0,"href":"https:\/\/www.fatihvinc.com.tr\/en\/wp-json\/wp\/v2\/posts\/2800\/revisions"}],"wp:featuredmedia":[{"embeddable":true,"href":"https:\/\/www.fatihvinc.com.tr\/en\/wp-json\/wp\/v2\/media\/2802"}],"wp:attachment":[{"href":"https:\/\/www.fatihvinc.com.tr\/en\/wp-json\/wp\/v2\/media?parent=2800"}],"wp:term":[{"taxonomy":"category","embeddable":true,"href":"https:\/\/www.fatihvinc.com.tr\/en\/wp-json\/wp\/v2\/categories?post=2800"},{"taxonomy":"post_tag","embeddable":true,"href":"https:\/\/www.fatihvinc.com.tr\/en\/wp-json\/wp\/v2\/tags?post=2800"}],"curies":[{"name":"wp","href":"https:\/\/api.w.org\/{rel}","templated":true}]}}