{"id":2827,"date":"2018-07-24T12:17:36","date_gmt":"2018-07-24T09:17:36","guid":{"rendered":"http:\/\/www.fatihvinc.com.tr\/?p=2827"},"modified":"2019-02-27T16:54:09","modified_gmt":"2019-02-27T13:54:09","slug":"akulu-makasli-platform-izmir","status":"publish","type":"post","link":"https:\/\/www.fatihvinc.com.tr\/en\/akulu-makasli-platform-izmir\/","title":{"rendered":"Ak\u00fcl\u00fc Makasl\u0131 Platform \u0130zmir"},"content":{"rendered":"<p>T\u00fcrkiye\u2019nin ihracat kap\u0131s\u0131 \u0130zmir\u2019de b\u00fcy\u00fcmekte olan sanayiye ba\u011fl\u0131 olarak platform gereksinimi de giderek art\u0131\u015f g\u00f6steriyor. Farkl\u0131 model platform se\u00e7enekleri ve uzman personel deste\u011fi ile hizmet veren Fatih Vin\u00e7, a\u00e7m\u0131\u015f oldu\u011fu \u0130zmir Bornova \u015fubesi ile m\u00fc\u015fterilerine daha yak\u0131n olmaya \u00e7al\u0131\u015f\u0131yor. Ak\u00fcl\u00fc makasl\u0131 platform se\u00e7eneklerinden manlift veya forklift se\u00e7eneklerine kadar pek \u00e7ok yeni ve teknolojik modeli makina park\u0131 i\u00e7erisinde m\u00fc\u015fterilerinin hizmetine kiralama olarak a\u00e7\u0131yor.<\/p>\n<h2>Ak\u00fcl\u00fc Makasl\u0131 Platform \u0130zmir ve \u00c7evre B\u00f6lgelerinde Kiralama Hizmetleri<\/h2>\n<p>Makasl\u0131 platform \u00e7e\u015fitlerinden biri olan ak\u00fcl\u00fc makasl\u0131 platformlar; i\u00e7 mekan \u00e7al\u0131\u015fmalar\u0131nda, depolama alanlar\u0131nda, end\u00fcstriyel tesislerde sessiz, temiz ve kokusuz \u00e7al\u0131\u015fma sebebi ile tercih edilmektedir. \u00d6zellikle d\u00f6nemsel platform ihtiyac\u0131n\u0131za fazla maaliyet ay\u0131rmak istemedi\u011finizde bu modeller i\u015finizi ger\u00e7ekle\u015ftirmeniz i\u00e7in yeterli olabilir. Ak\u00fcl\u00fc makasl\u0131 platform \u0130zmir ve \u00e7evre b\u00f6lgelerinde se\u00e7ene\u011fi; k\u00fc\u00e7\u00fck ve her yere s\u0131\u011fabilmesi ve ak\u00fcl\u00fc oldu\u011fu i\u00e7in daha az masrafl\u0131 olmas\u0131 sebebi ile tercih edilebilmektedir. \u0130htiyac\u0131n belirlenmesi ve kullan\u0131lmas\u0131 d\u00fc\u015f\u00fcn\u00fclen ak\u00fcl\u00fc makasl\u0131 platform belirlenmesi a\u015famas\u0131nda \u0130zmir Fatih Vin\u00e7 \u015fubesine arayarak her t\u00fcrl\u00fc deste\u011fi talep edebilir ve platform kiralama i\u015finiz i\u00e7in fiyat isteyebilirsiniz.<\/p>\n<p>Y\u00fck kapasiteniz d\u00fc\u015f\u00fck ise ak\u00fcl\u00fc makasl\u0131 platformlara y\u00f6nelebilir ama y\u00fck kapasiteniz artt\u0131\u011f\u0131nda bu modeller yerine farkl\u0131 modellere y\u00f6nelmelisiniz. \u00d6zellikle perakende sekt\u00f6r\u00fcnde depolama alanlar\u0131nda bu t\u00fcr bir platform ile \u00e7al\u0131\u015fman\u0131z g\u00fcr\u00fclt\u00fc ve \u00e7evre kirlili\u011finin \u00f6n\u00fcne ge\u00e7mek i\u00e7in g\u00fczel bir \u00e7\u00f6z\u00fcm se\u00e7ene\u011fi sunmaktad\u0131r. Sessiz \u00e7al\u0131\u015fma gerektiren alanlar\u0131n vazge\u00e7ilmez platform se\u00e7ene\u011fi ak\u00fcl\u00fc makasl\u0131 platform \u0130zmir oluyor. Fatih Vin\u00e7, \u00f6zellikle sundu\u011fu birbirinden farkl\u0131 ak\u00fcl\u00fc makasl\u0131 platform modelleri ile m\u00fc\u015fterilerinin t\u00fcm taleplerini kar\u015f\u0131larken uzman personel deste\u011fi de sa\u011fl\u0131yor. \u0130zmir kiral\u0131k Platform gereksinimlerinde en fazla model ve markay\u0131 g\u00fcvenilir \u00e7al\u0131\u015fma yap\u0131s\u0131 ile bilinen ak\u00fcl\u00fc makasl\u0131 platformlarda da Fatih Vin\u00e7 se\u00e7ene\u011fini kullan\u0131yor.<\/p>\n<p>Kiral\u0131k Platform aray\u0131\u015f\u0131nda olan firmalar, e\u011fer i\u00e7 mekanlardaki ihtiya\u00e7lar\u0131na y\u00f6nelik model araya\u015f\u0131n da ise ak\u00fcl\u00fc makasl\u0131 platform en iyi \u00e7\u00f6z\u00fcm\u00fc sunuyor. \u0130zmir firmalar\u0131 d\u00f6nemsel ihtiya\u00e7lar\u0131 i\u00e7in y\u00fcksek maliyet alt\u0131na girmeden kiralama yolu ile bu i\u015f makinalar\u0131na daha uygun b\u00fct\u00e7elerle kiralama yoluna giderek sahip olabilirler. T\u00fcrkiye geneline de hizmet etmekte olan ve en geni\u015f makina park\u0131na sahip olan Fatih Vin\u00e7 ile \u00e7al\u0131\u015fanlar ise her a\u00e7\u0131dan m\u00fc\u015fteri memnuniyeti ile i\u015flerini ger\u00e7ekle\u015ftirebiliyorlar.<\/p>\n<h3>Ak\u00fcl\u00fc Makasl\u0131 Platform \u0130zmir ve \u00c7evre B\u00f6lgelerinde Kiralama Teknik Servis Hizmetleri \u0130leti\u015fim Bilgisi<\/h3>\n<p>Fatih Vin\u00e7 A.\u015e. olarak T\u00fcrkiye&#8217;nin t\u00fcm b\u00f6lgelerinde Platform, Forklift, Vin\u00e7 \u00dcr\u00fcnlerini konusunda Kiralama, Teknik Servis ve Sat\u0131\u015f hizmetleri verirken Manlift ve Di\u011fer \u00fcr\u00fcnlerimiz hakk\u0131nda daha fazla bilgi i\u00e7in <a href=\"http:\/\/www.fatihvinc.com.tr\/urunlerimiz\">\u00fcr\u00fcnlerimiz<\/a> sayfas\u0131n\u0131 ziyaret edebilirsiniz.<\/p>\n<p><a href=\"http:\/\/www.fatihvinc.com.tr\/subelerimiz\"><span style=\"color: #ff6600;\"><strong>Fatih Vin\u00e7 Anonim \u015eirketi \u0130zmir \u015eubesi \u0130leti\u015fim Bilgileri<\/strong><\/span><\/a><\/p>\n<p><strong>ADRES :<\/strong><\/p>\n<address>Egemenlik Mah. 6016\/4 Sok. No:24 \u0131\u015f\u0131kkent<br \/>\n<em>Bornova \/ \u0130ZM\u0130R<\/em><\/address>\n<p><strong>TEL \u00a0:<\/strong> <a href=\"tel:+902328871104\">+90 (232)\u00a0 887 11 04<\/a><br \/>\n<strong>FAKS: <\/strong>+90 (232) 436 36 09<br \/>\n<strong>GSM :<\/strong> <a href=\"tel:+905465187511\">+90 (546) 518 75 11<\/a><\/p>\n<p>&nbsp;<\/p>\n","protected":false},"excerpt":{"rendered":"<p>T\u00fcrkiye\u2019nin ihracat kap\u0131s\u0131 \u0130zmir\u2019de b\u00fcy\u00fcmekte olan sanayiye ba\u011fl\u0131 olarak platform gereksinimi de giderek art\u0131\u015f g\u00f6steriyor. Farkl\u0131 model platform se\u00e7enekleri ve uzman &#8230;<\/p>\n","protected":false},"author":4,"featured_media":2828,"comment_status":"open","ping_status":"open","sticky":false,"template":"","format":"standard","meta":{"footnotes":""},"categories":[474],"tags":[606,607,608],"class_list":["post-2827","post","type-post","status-publish","format-standard","has-post-thumbnail","hentry","category-platform","tag-akulu-makasli-platform-izmir","tag-akulu-makasli-platform-kiralama-izmir","tag-kiralik-akulu-makasli-platform"],"_links":{"self":[{"href":"https:\/\/www.fatihvinc.com.tr\/en\/wp-json\/wp\/v2\/posts\/2827","targetHints":{"allow":["GET"]}}],"collection":[{"href":"https:\/\/www.fatihvinc.com.tr\/en\/wp-json\/wp\/v2\/posts"}],"about":[{"href":"https:\/\/www.fatihvinc.com.tr\/en\/wp-json\/wp\/v2\/types\/post"}],"author":[{"embeddable":true,"href":"https:\/\/www.fatihvinc.com.tr\/en\/wp-json\/wp\/v2\/users\/4"}],"replies":[{"embeddable":true,"href":"https:\/\/www.fatihvinc.com.tr\/en\/wp-json\/wp\/v2\/comments?post=2827"}],"version-history":[{"count":0,"href":"https:\/\/www.fatihvinc.com.tr\/en\/wp-json\/wp\/v2\/posts\/2827\/revisions"}],"wp:featuredmedia":[{"embeddable":true,"href":"https:\/\/www.fatihvinc.com.tr\/en\/wp-json\/wp\/v2\/media\/2828"}],"wp:attachment":[{"href":"https:\/\/www.fatihvinc.com.tr\/en\/wp-json\/wp\/v2\/media?parent=2827"}],"wp:term":[{"taxonomy":"category","embeddable":true,"href":"https:\/\/www.fatihvinc.com.tr\/en\/wp-json\/wp\/v2\/categories?post=2827"},{"taxonomy":"post_tag","embeddable":true,"href":"https:\/\/www.fatihvinc.com.tr\/en\/wp-json\/wp\/v2\/tags?post=2827"}],"curies":[{"name":"wp","href":"https:\/\/api.w.org\/{rel}","templated":true}]}}